{"id":9912,"global_id":"www.salautopianaretoa.com\/eu\/?id=9912","global_id_lineage":["www.salautopianaretoa.com\/eu\/?id=9912"],"author":"1","status":"publish","date":"2023-10-17 18:07:48","date_utc":"2023-10-17 16:07:48","modified":"2023-10-17 18:07:48","modified_utc":"2023-10-17 16:07:48","url":"https:\/\/www.salautopianaretoa.com\/eu\/ekitaldia\/la-rebelion-de-las-cosas-2\/","rest_url":"https:\/\/www.salautopianaretoa.com\/eu\/wp-json\/tribe\/events\/v1\/events\/9912","title":"LA REBELI\u00d3N DE LAS COSAS","description":"<p><strong>ESTUDI ZERO TEATRE<\/strong><\/p>\n<p><strong>Iraupena:<\/strong> 60 minutu<\/p>\n<p><em>Tonu magiko eta umoretsuko ikuskizuna da, egunerokoan errotua.<\/em><\/p>\n<p><em>Pere Caldersen errealismo magikoan oinarritutako ikuskizuna da. Eguneroko mundu bat da. Bertan, itxuraz normala den giroan, gauza sinesgaitzenak gertatzen dira. Caldersen mundua haurrei eta familiei hurbildu nahi die muntaia honek, haurrei bereziki zuzendutako bere ipuinetako batzuen bidez.<\/em><\/p>\n<div class='avia-iframe-wrap'><iframe loading=\"lazy\" title=\"Trailer La rebel\u00b7li\u00f3 de les coses\" width=\"1500\" height=\"844\" src=\"https:\/\/www.youtube.com\/embed\/Lm5iSqWu8IY?feature=oembed\" frameborder=\"0\" allow=\"accelerometer; autoplay; clipboard-write; encrypted-media; gyroscope; picture-in-picture; web-share\" allowfullscreen><\/iframe><\/div>\n<p>La Rebeli\u00f3n de las Cosas abenturan ustekabean sartuta, tonu magiko eta umoretsuko ikuskizun bat eratzen da, egunerokoan errotua. Ustekabeko bilbe birekin eta poesia sinple eta txundigarriarekin harrituko gaitu. Ohiko objektu arruntak gehitu dira, eta horien bidez sortzen da inguratzen gaituen munduaren ilusio bat, errealitate paralelo bat eta ustekabeko ikuspegi bat.<\/p>\n<p>Ikuspegi samur eta hunkigarri batekin, tonu jostagarri du, haurrak zein helduak jokoan sartzea bultzatzen duena, ipuin tradizional zaharren irudi iradokitzaileekin eta iruditeria izugarri aberats eta zirraragarriaren berrikuntza harrigarriekin gidatzen da.<\/p>\n<p><img loading=\"lazy\" decoding=\"async\" class=\"wp-image-9879 aligncenter\" src=\"https:\/\/www.salautopianaretoa.com\/wp-content\/uploads\/2023\/10\/dosier-la-rebelion-de-las-cosas-10.jpg\" alt=\"\" width=\"642\" height=\"400\" srcset=\"https:\/\/www.salautopianaretoa.com\/wp-content\/uploads\/2023\/10\/dosier-la-rebelion-de-las-cosas-10.jpg 1852w, https:\/\/www.salautopianaretoa.com\/wp-content\/uploads\/2023\/10\/dosier-la-rebelion-de-las-cosas-10-768x479.jpg 768w, https:\/\/www.salautopianaretoa.com\/wp-content\/uploads\/2023\/10\/dosier-la-rebelion-de-las-cosas-10-1536x958.jpg 1536w, https:\/\/www.salautopianaretoa.com\/wp-content\/uploads\/2023\/10\/dosier-la-rebelion-de-las-cosas-10-1500x935.jpg 1500w, https:\/\/www.salautopianaretoa.com\/wp-content\/uploads\/2023\/10\/dosier-la-rebelion-de-las-cosas-10-705x440.jpg 705w\" sizes=\"auto, (max-width: 642px) 100vw, 642px\" \/><\/p>\n<p>Caldersen narratibak muntaia hau inspiratzen du, hizkuntza naturala, gardena eta irudimentsua baliatzen da eta ironia beti adeitsua da, umorearen baliabide gisa erabiltzen da. Fantasia, elementu magikoak edo ustekabekoak, eguneroko egoeretan txertatzen dira.<\/p>\n<p><strong>FITXA ARTISTIKOA:<\/strong><\/p>\n<p><strong>Aktoreak:<\/strong> Mar\u00eda Rosell\u00f3 y M\u00f3nica Fiol<\/p>\n<p><strong>Txotxongiloak eta objektuak::<\/strong> Pepa Ram\u00f3n y Jaume Sastre<\/p>\n<p><strong>Off ahotsa:<\/strong> Pere Mestre<\/p>\n<p><strong>Jantziak eta tresnak: <\/strong> Lourdes Erroz y Estudi Zero Teatre<\/p>\n<p><strong>Jantzien laguntzailea: <\/strong> Cati Santos<\/p>\n<p><strong>Antzezpen espazioa<\/strong>: Dominic Hull<\/p>\n<p><strong>Musica originala: <\/strong> Oleg Zahiney<\/p>\n<p><strong>Teknikari laguntzailea: <\/strong> Jaume Sastre<\/p>\n<p><strong>Argi eta soinu teknikaria: <\/strong> Dominic Hull<\/p>\n<p><strong>Ekoizpena: <\/strong> Ant\u00f3nia Beltr\u00e1n, Pepa Ram\u00f3n y Estudi Zero Teatre<br \/>\nDiseinu grafikoa eta administrazioa Ant\u00f3nia Beltr\u00e1n<\/p>\n<p><strong>Dramaturgia eta zuzendaritza: <\/strong> Pere M. Mestre<\/p>\n<p><strong>SARREREN SALMENTA:<\/strong> <a href=\"https:\/\/youtu.be\/Lm5iSqWu8IY\">https:\/\/youtu.be\/Lm5iSqWu8IY<\/a><\/p>","excerpt":"","slug":"la-rebelion-de-las-cosas-2","image":{"url":"https:\/\/www.salautopianaretoa.com\/wp-content\/uploads\/2023\/10\/la-rebelion-de-las-cosas-mailchimp-dic-e1697558836473.jpg","id":9882,"extension":"jpg","width":1920,"height":1201,"filesize":397986,"sizes":{"medium_large":{"width":768,"height":480,"mime-type":"image\/jpeg","filesize":230428,"url":"https:\/\/www.salautopianaretoa.com\/wp-content\/uploads\/2023\/10\/la-rebelion-de-las-cosas-mailchimp-dic-768x480.jpg"},"1536x1536":{"width":1536,"height":961,"mime-type":"image\/jpeg","filesize":666157,"url":"https:\/\/www.salautopianaretoa.com\/wp-content\/uploads\/2023\/10\/la-rebelion-de-las-cosas-mailchimp-dic-1536x961.jpg"},"widget":{"width":36,"height":36,"mime-type":"image\/jpeg","filesize":3046,"url":"https:\/\/www.salautopianaretoa.com\/wp-content\/uploads\/2023\/10\/la-rebelion-de-las-cosas-mailchimp-dic-36x36.jpg"},"square":{"width":180,"height":180,"mime-type":"image\/jpeg","filesize":37481,"url":"https:\/\/www.salautopianaretoa.com\/wp-content\/uploads\/2023\/10\/la-rebelion-de-las-cosas-mailchimp-dic-180x180.jpg"},"featured":{"width":1500,"height":430,"mime-type":"image\/jpeg","filesize":320221,"url":"https:\/\/www.salautopianaretoa.com\/wp-content\/uploads\/2023\/10\/la-rebelion-de-las-cosas-mailchimp-dic-1500x430.jpg"},"featured_large":{"width":1500,"height":630,"mime-type":"image\/jpeg","filesize":462163,"url":"https:\/\/www.salautopianaretoa.com\/wp-content\/uploads\/2023\/10\/la-rebelion-de-las-cosas-mailchimp-dic-1500x630.jpg"},"extra_large":{"width":1500,"height":938,"mime-type":"image\/jpeg","filesize":648623,"url":"https:\/\/www.salautopianaretoa.com\/wp-content\/uploads\/2023\/10\/la-rebelion-de-las-cosas-mailchimp-dic-1500x938.jpg"},"portfolio":{"width":495,"height":400,"mime-type":"image\/jpeg","filesize":161874,"url":"https:\/\/www.salautopianaretoa.com\/wp-content\/uploads\/2023\/10\/la-rebelion-de-las-cosas-mailchimp-dic-495x400.jpg"},"portfolio_small":{"width":260,"height":185,"mime-type":"image\/jpeg","filesize":45978,"url":"https:\/\/www.salautopianaretoa.com\/wp-content\/uploads\/2023\/10\/la-rebelion-de-las-cosas-mailchimp-dic-260x185.jpg"},"gallery":{"width":845,"height":684,"mime-type":"image\/jpeg","filesize":383422,"url":"https:\/\/www.salautopianaretoa.com\/wp-content\/uploads\/2023\/10\/la-rebelion-de-las-cosas-mailchimp-dic-845x684.jpg"},"magazine":{"width":710,"height":375,"mime-type":"image\/jpeg","filesize":177121,"url":"https:\/\/www.salautopianaretoa.com\/wp-content\/uploads\/2023\/10\/la-rebelion-de-las-cosas-mailchimp-dic-710x375.jpg"},"masonry":{"width":705,"height":441,"mime-type":"image\/jpeg","filesize":202287,"url":"https:\/\/www.salautopianaretoa.com\/wp-content\/uploads\/2023\/10\/la-rebelion-de-las-cosas-mailchimp-dic-705x441.jpg"},"entry_with_sidebar":{"width":845,"height":321,"mime-type":"image\/jpeg","filesize":172826,"url":"https:\/\/www.salautopianaretoa.com\/wp-content\/uploads\/2023\/10\/la-rebelion-de-las-cosas-mailchimp-dic-845x321.jpg"},"entry_without_sidebar":{"width":1210,"height":423,"mime-type":"image\/jpeg","filesize":282116,"url":"https:\/\/www.salautopianaretoa.com\/wp-content\/uploads\/2023\/10\/la-rebelion-de-las-cosas-mailchimp-dic-1210x423.jpg"}}},"all_day":false,"start_date":"2023-12-01 19:00:00","start_date_details":{"year":"2023","month":"12","day":"01","hour":"19","minutes":"00","seconds":"00"},"end_date":"2023-12-01 20:00:00","end_date_details":{"year":"2023","month":"12","day":"01","hour":"20","minutes":"00","seconds":"00"},"utc_start_date":"2023-12-01 18:00:00","utc_start_date_details":{"year":"2023","month":"12","day":"01","hour":"18","minutes":"00","seconds":"00"},"utc_end_date":"2023-12-01 19:00:00","utc_end_date_details":{"year":"2023","month":"12","day":"01","hour":"19","minutes":"00","seconds":"00"},"timezone":"Europe\/Madrid","timezone_abbr":"CET","cost":"\u20ac12","cost_details":{"currency_symbol":"","currency_code":"","currency_position":"","values":["12"]},"website":"https:\/\/entradium.com\/events\/la-rebelion-de-las-cosas-estudi-zero","show_map":true,"show_map_link":true,"hide_from_listings":false,"sticky":false,"featured":false,"categories":[{"name":"Antzerkia","slug":"antzerkia","term_group":0,"term_taxonomy_id":322,"taxonomy":"tribe_events_cat","description":"","parent":0,"count":32,"filter":"raw","id":322,"urls":{"self":"https:\/\/www.salautopianaretoa.com\/eu\/wp-json\/tribe\/events\/v1\/categories\/322","collection":"https:\/\/www.salautopianaretoa.com\/eu\/wp-json\/tribe\/events\/v1\/categories"}},{"name":"Familiar Antzerkia","slug":"familiar-antzerkia","term_group":0,"term_taxonomy_id":517,"taxonomy":"tribe_events_cat","description":"","parent":0,"count":4,"filter":"raw","id":517,"urls":{"self":"https:\/\/www.salautopianaretoa.com\/eu\/wp-json\/tribe\/events\/v1\/categories\/517","collection":"https:\/\/www.salautopianaretoa.com\/eu\/wp-json\/tribe\/events\/v1\/categories"}}],"tags":[{"name":"familia-antzerkia","slug":"familia-antzerkia-eu","term_group":0,"term_taxonomy_id":501,"taxonomy":"post_tag","description":"","parent":0,"count":6,"filter":"raw","id":501,"urls":{"self":"https:\/\/www.salautopianaretoa.com\/eu\/wp-json\/tribe\/events\/v1\/tags\/501","collection":"https:\/\/www.salautopianaretoa.com\/eu\/wp-json\/tribe\/events\/v1\/tags"}},{"name":"OBJEKTUEN ANTZERKIA","slug":"objektuen-antzerkia","term_group":0,"term_taxonomy_id":451,"taxonomy":"post_tag","description":"","parent":0,"count":5,"filter":"raw","id":451,"urls":{"self":"https:\/\/www.salautopianaretoa.com\/eu\/wp-json\/tribe\/events\/v1\/tags\/451","collection":"https:\/\/www.salautopianaretoa.com\/eu\/wp-json\/tribe\/events\/v1\/tags"}}],"venue":{"id":6128,"author":"1","status":"publish","date":"2022-08-05 13:32:37","date_utc":"2022-08-05 11:32:37","modified":"2022-08-05 13:32:37","modified_utc":"2022-08-05 11:32:37","url":"https:\/\/www.salautopianaretoa.com\/lugar\/sala-utopian-aretoa\/","venue":"Sala Utopian Aretoa","slug":"sala-utopian-aretoa","address":"Pol\u00edgono Industrial Errotatxu Nave D, Locales 1-2","city":"Getxo","country":"Espa\u00f1a","province":"Bizkaia","zip":"48993","phone":"944 303 194","stateprovince":"Bizkaia","json_ld":{"@type":"Place","name":"Sala Utopian Aretoa","description":"","url":"","address":{"@type":"PostalAddress","streetAddress":"Pol\u00edgono Industrial Errotatxu Nave D, Locales 1-2","addressLocality":"Getxo","addressRegion":"Bizkaia","postalCode":"48993","addressCountry":"Espa\u00f1a"},"telephone":"944 303 194","sameAs":""},"show_map":true,"show_map_link":true,"global_id":"www.salautopianaretoa.com\/eu\/?id=6128","global_id_lineage":["www.salautopianaretoa.com\/eu\/?id=6128"]},"organizer":[{"id":8310,"author":"1","status":"publish","date":"2023-02-02 17:15:50","date_utc":"2023-02-02 16:15:50","modified":"2023-02-02 17:15:50","modified_utc":"2023-02-02 16:15:50","url":"https:\/\/www.salautopianaretoa.com\/organizador\/utopian\/","organizer":"Utopian","slug":"utopian","json_ld":{"@type":"Person","name":"Utopian","description":"","url":"","telephone":"","email":"","sameAs":""},"global_id":"www.salautopianaretoa.com\/eu\/?id=8310","global_id_lineage":["www.salautopianaretoa.com\/eu\/?id=8310"]}],"custom_fields":[],"json_ld":{"@context":"http:\/\/schema.org","@type":"Event","name":"LA REBELI\u00d3N DE LAS COSAS","description":"&lt;p&gt;ESTUDI ZERO TEATRE Iraupena: 60 minutu Tonu magiko eta umoretsuko ikuskizuna da, egunerokoan errotua. Pere Caldersen errealismo magikoan oinarritutako ikuskizuna da. Eguneroko mundu bat da. Bertan, itxuraz normala den giroan, [&hellip;]&lt;\/p&gt;\\n","image":"https:\/\/www.salautopianaretoa.com\/wp-content\/uploads\/2023\/10\/la-rebelion-de-las-cosas-mailchimp-dic-e1697558836473.jpg","url":"https:\/\/www.salautopianaretoa.com\/eu\/ekitaldia\/la-rebelion-de-las-cosas-2\/","eventAttendanceMode":"https:\/\/schema.org\/OfflineEventAttendanceMode","eventStatus":"https:\/\/schema.org\/EventScheduled","startDate":"2023-12-01T19:00:00+01:00","endDate":"2023-12-01T20:00:00+01:00","location":{"@type":"Place","name":"Sala Utopian Aretoa","description":"","url":"","address":{"@type":"PostalAddress","streetAddress":"Pol\u00edgono Industrial Errotatxu Nave D, Locales 1-2","addressLocality":"Getxo","addressRegion":"Bizkaia","postalCode":"48993","addressCountry":"Espa\u00f1a"},"telephone":"944 303 194","sameAs":""},"organizer":{"@type":"Person","name":"Utopian","description":"","url":"","telephone":"","email":"","sameAs":""},"offers":{"@type":"Offer","price":"12","priceCurrency":"EUR","url":"https:\/\/www.salautopianaretoa.com\/eu\/ekitaldia\/la-rebelion-de-las-cosas-2\/","category":"primary","availability":"inStock","validFrom":"1970-01-01T00:00:00+00:00"},"performer":"Organization"},"event_bgcolor":"","event_text_color":""}